[{"@context":"https:\/\/schema.org\/","@type":"Article","@id":"https:\/\/www.chrti.sk\/kaktus\/#Article","mainEntityOfPage":"https:\/\/www.chrti.sk\/kaktus\/","headline":"Kaktus","name":"Kaktus","description":"Hne\u010f na za\u010diatok si objasnime fakty a to je to, \u017ee existuj\u00fa na svete stovky kaktusov a pre ka\u017ed\u00fd plat\u00ed nie\u010do in\u00e9. Na na\u0161om \u00fazem\u00ed sa pred\u00e1vaj\u00fa hlavne tie kaktusy, ktor\u00e9 rast\u00fa v da\u017e\u010fov\u00fdch pralesoch a nie tie, ktor\u00e9 rast\u00fa na p\u00fa\u0161ti ako sa mylne domnievame. Teda asi v\u00e4\u010d\u0161ina sa tak mylne domnieva. Aj ja [&hellip;]","datePublished":"2018-01-07","dateModified":"2018-01-07","author":{"@type":"Person","@id":"https:\/\/www.chrti.sk\/author\/devene\/#Person","name":"devene","url":"https:\/\/www.chrti.sk\/author\/devene\/","identifier":1,"image":{"@type":"ImageObject","@id":"https:\/\/secure.gravatar.com\/avatar\/11f8c6ff4d174e1ebef1d6401491d0892ff6534e7a3312fbf752a8f90a4375cd?s=96&d=mm&r=g","url":"https:\/\/secure.gravatar.com\/avatar\/11f8c6ff4d174e1ebef1d6401491d0892ff6534e7a3312fbf752a8f90a4375cd?s=96&d=mm&r=g","height":96,"width":96}},"publisher":{"@type":"Organization","name":"chrti.sk","logo":{"@type":"ImageObject","@id":"\/logo.png","url":"\/logo.png","width":600,"height":60}},"image":{"@type":"ImageObject","@id":"https:\/\/www.chrti.sk\/wp-content\/uploads\/img_a285445_w16575_t1520433942.jpg","url":"https:\/\/www.chrti.sk\/wp-content\/uploads\/img_a285445_w16575_t1520433942.jpg","height":0,"width":0},"url":"https:\/\/www.chrti.sk\/kaktus\/","wordCount":383,"articleBody":"Hne\u010f na za\u010diatok si objasnime fakty a to je to, \u017ee existuj\u00fa na svete stovky kaktusov a pre ka\u017ed\u00fd plat\u00ed nie\u010do in\u00e9. Na na\u0161om \u00fazem\u00ed sa pred\u00e1vaj\u00fa hlavne tie kaktusy, ktor\u00e9 rast\u00fa v da\u017e\u010fov\u00fdch pralesoch a nie tie, ktor\u00e9 rast\u00fa na p\u00fa\u0161ti ako sa mylne domnievame. Teda asi v\u00e4\u010d\u0161ina sa tak mylne domnieva. Aj ja som bola tak\u00e1, k\u00fdm som nevedela pravdu. A pravda sa \u0165a\u017eko po\u010d\u00fava, tak si ju rad\u0161ej pre\u010d\u00edtajte. Zima Starostlivos\u0165 o tak\u00fdto kaktus v\u00f4bec nie je \u013eahk\u00e1. Iba ak tak v lete. V zime je potrebn\u00e9 kaktus potrebn\u00e9 umiestni\u0165 do miestnosti so st\u00e1lou teplotou okolo desiatich stup\u0148ov. Predpoklad\u00e1m, \u017ee teda vn\u00fatri nem\u00e1te to\u013eko stup\u0148ov a n\u00e1js\u0165 tak\u00fato miestnos\u0165 na zimn\u00e9 odlo\u017eenie kaktusov tie\u017e nebude pre v\u00e1s jednoduch\u00e9. Ja som ju jednoducho nena\u0161la a moje kaktusy sa pomaly ale isto redukuj\u00fa. Ak kaktus nech\u00e1te cez zimu vn\u00fatri, hne\u010f sa mu ni\u010d nestane. ALE!!! Postupne v\u00e1m za\u010dne vysch\u00fdna\u0165, a\u017e vyschne \u00faplne. Leto V lete m\u00f4\u017eu by\u0165 kaktusy v miestnosti, v ktorej preb\u00fdvate aj vy, ak tam nie je viac ako dvadsa\u0165p\u00e4\u0165 stup\u0148ov. Tak\u00fa miestnos\u0165 vlastn\u00edm, tak\u017ee cez leto som probl\u00e9m nemala. Hor\u0161ie to bolo cez zimu, ako som u\u017e spom\u00ednala. Pres\u00e1dzanie Kaktusy je potrebn\u00e9 aj pres\u00e1dza\u0165. A to \u0161peci\u00e1lne. Nepres\u00e1dzaj\u00fa sa len do \u010distej zemi, ale na spodok je potrebn\u00e9 da\u0165 v\u00e4\u010d\u0161ie kamene, cez ktor\u00e9 bude preteka\u0165 voda. Na to sa d\u00e1va filtra\u010dn\u00fd papier alebo oby\u010dajn\u00fd kancel\u00e1rsky papier, ak filtra\u010dn\u00fd nevlastn\u00edte. A a\u017e na tieto s\u00fa\u010dasti sa nasype zemina ur\u010den\u00e1 pre kaktusy. Aj to je d\u00f4le\u017eit\u00e9, preto\u017ee zemina zo z\u00e1hrada nemus\u00ed by\u0165 pre ne to prav\u00e9. Kaktusy s\u00fa ve\u013emi v\u010fa\u010dn\u00e9 rastliny, ale nie tradi\u010dn\u00e9 izbov\u00e9, preto\u017ee ich treba sledova\u0165 a pres\u00fava\u0165 na zimu pre\u010d z vyk\u00farenej izby. Ak sa o ne budete dostato\u010dne stara\u0165, odmenia sa v\u00e1m a bude sa im dari\u0165, mo\u017eno aj rozkvitn\u00fa. \u00c1no, aj oni m\u00f4\u017eu kvitn\u00fa\u0165. A e\u0161te ako kr\u00e1sne. Nebudete sa sta\u010di\u0165 divi\u0165.                                                                                                                                                                                                                                                                                                                                                                                                 "},{"@context":"https:\/\/schema.org\/","@type":"BreadcrumbList","itemListElement":[{"@type":"ListItem","position":1,"name":"Kaktus","item":"https:\/\/www.chrti.sk\/kaktus\/#breadcrumbitem"}]}]